{"id":2068,"date":"2021-03-08T23:00:58","date_gmt":"2021-03-08T21:00:58","guid":{"rendered":"https:\/\/amjd.ch\/?p=2068"},"modified":"2021-07-14T11:49:41","modified_gmt":"2021-07-14T09:49:41","slug":"convertible-nemo-4s-partie-iii","status":"publish","type":"post","link":"https:\/\/amjd.ch\/index.php\/2021\/03\/08\/convertible-nemo-4s-partie-iii\/","title":{"rendered":"Convertible Nemo 4s (partie III)"},"content":{"rendered":"\n<figure class=\"wp-block-image size-large\"><img loading=\"lazy\" decoding=\"async\" width=\"1024\" height=\"547\" src=\"https:\/\/amjd.ch\/wp-content\/uploads\/2020\/11\/IMG_4915_2-1920-1024x547.jpg\" alt=\"\" class=\"wp-image-2080\" srcset=\"https:\/\/amjd.ch\/wp-content\/uploads\/2020\/11\/IMG_4915_2-1920-1024x547.jpg 1024w, https:\/\/amjd.ch\/wp-content\/uploads\/2020\/11\/IMG_4915_2-1920-320x171.jpg 320w, https:\/\/amjd.ch\/wp-content\/uploads\/2020\/11\/IMG_4915_2-1920-768x410.jpg 768w, https:\/\/amjd.ch\/wp-content\/uploads\/2020\/11\/IMG_4915_2-1920-1536x821.jpg 1536w, https:\/\/amjd.ch\/wp-content\/uploads\/2020\/11\/IMG_4915_2-1920.jpg 1920w\" sizes=\"auto, (max-width: 1024px) 100vw, 1024px\" \/><\/figure>\n\n\n\n<p>Cet article est la troisi\u00e8me et derni\u00e8re partie de mon reportage sur mon mod\u00e8le convertible Nemo. Si vous voulez acc\u00e9der aux premiers volets, c&rsquo;est par ici :<br><a href=\"https:\/\/amjd.ch\/index.php\/2020\/06\/13\/convertible-nemo-4s-partie-i\/\">Nemo partie I<\/a><br><a href=\"https:\/\/amjd.ch\/index.php\/2020\/11\/08\/convertible-nemo-4s-partie-ii\/\">Nemo partie II<\/a><\/p>\n\n\n\n<h4 class=\"wp-block-heading\">Caract\u00e9ristiques et \u00e9quipement embarqu\u00e9<\/h4>\n\n\n\n<figure class=\"wp-block-table is-style-regular\"><table class=\"has-subtle-light-gray-background-color has-background\"><tbody><tr><td><strong>Caract\u00e9ristiques<\/strong><\/td><td><\/td><\/tr><tr><td>Envergure sans les nacelles<\/td><td>1100mm<\/td><\/tr><tr><td>Envergure avec les nacelles<\/td><td>1330mm<\/td><\/tr><tr><td>Longueur<\/td><td>990mm<\/td><\/tr><tr><td>Hauteur<\/td><td>330mm<\/td><\/tr><tr><td>Poids en ordre de vol<\/td><td>1.4kg<\/td><\/tr><tr><td>Profil<\/td><td>N-10 modifi\u00e9 \u00e0 15%<\/td><\/tr><tr><td><strong>Equipement<\/strong><\/td><td><\/td><\/tr><tr><td>Motorisation<\/td><td>2x Turnigy Brushless D2830-11 1000KV<\/td><\/tr><tr><td>Variateurs<\/td><td>2x Castle Creation Talon 35<\/td><\/tr><tr><td>H\u00e9lices<\/td><td>GWS tripale modifi\u00e9e 8&Prime;x5&Prime; (CW et CCW)<\/td><\/tr><tr><td>Accu<\/td><td>Lipo GensAce 14.8V 4S 2200mAh<\/td><\/tr><tr><td>Servos<\/td><td>2x ailerons Hitec HS-55<\/td><\/tr><tr><td><\/td><td>2x inclinaison des nacelles Hitec HS-205 BB<\/td><\/tr><tr><td><\/td><td>1x profondeur Hitec HS-55<\/td><\/tr><tr><td>Carte<\/td><td>KK2.1 avec firmware OpenAero VTOL 1.6<\/td><\/tr><tr><td>R\u00e9cepteur<\/td><td>ASSAN Rx8<\/td><\/tr><\/tbody><\/table><\/figure>\n\n\n\n<figure class=\"wp-block-image size-large\"><a href=\"https:\/\/amjd.ch\/wp-content\/uploads\/2021\/03\/Dimensions.pdf\"><img loading=\"lazy\" decoding=\"async\" width=\"1024\" height=\"762\" src=\"https:\/\/amjd.ch\/wp-content\/uploads\/2021\/03\/Dimensions_Nemo-1024x762.jpg\" alt=\"\" class=\"wp-image-2164\" srcset=\"https:\/\/amjd.ch\/wp-content\/uploads\/2021\/03\/Dimensions_Nemo-1024x762.jpg 1024w, https:\/\/amjd.ch\/wp-content\/uploads\/2021\/03\/Dimensions_Nemo-320x238.jpg 320w, https:\/\/amjd.ch\/wp-content\/uploads\/2021\/03\/Dimensions_Nemo-768x571.jpg 768w, https:\/\/amjd.ch\/wp-content\/uploads\/2021\/03\/Dimensions_Nemo.jpg 1391w\" sizes=\"auto, (max-width: 1024px) 100vw, 1024px\" \/><\/a><\/figure>\n\n\n\n<h4 class=\"wp-block-heading\">R\u00e9glages<\/h4>\n\n\n\n<p>Une fois la motorisation et le mat\u00e9riel radio mont\u00e9s sur le mod\u00e8le, la configuration du firmware OAV install\u00e9e dans la carte KK2.1, il m&rsquo;a fallu une grosse journ\u00e9e de d\u00e9bogage et de r\u00e9glage de mon mod\u00e8le. Parmi ces r\u00e9glages, il y a les points suivants :<br><br>1) R\u00e9glages des neutres et des d\u00e9battements sur la t\u00e9l\u00e9commande<br>2) V\u00e9rification de l&rsquo;attribution des voies entre le r\u00e9cepteur et la carte KK2.1<br>3) V\u00e9rification des sens des d\u00e9battements des servos et des r\u00e9gulateurs pour les deux modes de vols<br>4) V\u00e9rification du sens de corrections des Gyros<br>5) V\u00e9rification des param\u00e8tres PID sur tous les axes<br>6) Alignement du neutre des gouvernes, et des nacelles<br>7) R\u00e9glage des courses servos et des r\u00e9gulateurs<br><br>La configuration des r\u00e9gulateurs m&rsquo;a pos\u00e9e passablement de probl\u00e8mes et j&rsquo;y ai pass\u00e9 quelques heures \u00e0 gal\u00e9rer, \u00e0 la recherche de la meilleure solution. La m\u00e9thode d&rsquo;\u00e9talonnage de la course des gaz sur les variateurs Castle \u00e9tant un peu particuli\u00e8re. Au final, j&rsquo;ai configur\u00e9 le r\u00e9gulateur en mode courbe fixe et j&rsquo;ai ajust\u00e9 les param\u00e8tres de la carte KK2.1 pour synchroniser les deux courbes de gaz. Ce fut long et laborieux mais je n&rsquo;ai pas connu de soucis d&rsquo;asym\u00e9trie de puissance durant les vols. Ce n&rsquo;\u00e9tait donc pas du temps perdu.<\/p>\n\n\n\n<figure class=\"wp-block-gallery columns-1 is-cropped wp-block-gallery-1 is-layout-flex wp-block-gallery-is-layout-flex\"><ul class=\"blocks-gallery-grid\"><li class=\"blocks-gallery-item\"><figure><a href=\"https:\/\/amjd.ch\/wp-content\/uploads\/2021\/03\/20200628_111726-1920.jpg\"><img loading=\"lazy\" decoding=\"async\" width=\"1024\" height=\"768\" src=\"https:\/\/amjd.ch\/wp-content\/uploads\/2021\/03\/20200628_111726-1920-1024x768.jpg\" alt=\"\" data-id=\"2135\" data-full-url=\"https:\/\/amjd.ch\/wp-content\/uploads\/2021\/03\/20200628_111726-1920.jpg\" data-link=\"https:\/\/amjd.ch\/?attachment_id=2135\" class=\"wp-image-2135\" srcset=\"https:\/\/amjd.ch\/wp-content\/uploads\/2021\/03\/20200628_111726-1920-1024x768.jpg 1024w, https:\/\/amjd.ch\/wp-content\/uploads\/2021\/03\/20200628_111726-1920-320x240.jpg 320w, https:\/\/amjd.ch\/wp-content\/uploads\/2021\/03\/20200628_111726-1920-768x576.jpg 768w, https:\/\/amjd.ch\/wp-content\/uploads\/2021\/03\/20200628_111726-1920-1536x1152.jpg 1536w, https:\/\/amjd.ch\/wp-content\/uploads\/2021\/03\/20200628_111726-1920.jpg 1920w\" sizes=\"auto, (max-width: 1024px) 100vw, 1024px\" \/><\/a><\/figure><\/li><\/ul><\/figure>\n\n\n\n<p>La configuration mode horizontal n&rsquo;utilise aucune fonction de stabilit\u00e9 (tous les gyros et les compensations automatiques sont d\u00e9sactiv\u00e9s). J&rsquo;ai d\u00e9fini le mode horizontal comme \u00e9tant le mode \u00ab\u00a0s\u00e9curit\u00e9\u00a0\u00bb de mon Nemo. Ainsi, en cas de panne sur un moteur ou un servo d&rsquo;inclinaison, j&rsquo;utiliserais ce mode pour r\u00e9cup\u00e9rer le mod\u00e8le et faire un atterrissage d&rsquo;urgence en vol plan\u00e9. Dans ces conditions, je veux \u00eatre certain qu&rsquo;aucun mouvement ne puisse \u00eatre provoqu\u00e9 par les gyros ou les modes de stabilisation de la carte KK2.1.<\/p>\n\n\n\n<h4 class=\"wp-block-heading\">Premier vol<\/h4>\n\n\n\n<p>J&rsquo;ai effectu\u00e9 mon premier vol le 10 mai 2020. Au cours de celui-ci, j&rsquo;ai v\u00e9rifi\u00e9 la capacit\u00e9 de pouvoir contr\u00f4ler le mod\u00e8le dans sa phase stationnaire. Il faut garder \u00e0 l&rsquo;esprit que l&rsquo;utilisation des trims de la t\u00e9l\u00e9commande est \u00e0 proscrire. J&rsquo;ai eu de la chance de b\u00e9n\u00e9ficier d&rsquo;une bonne configuration de base et finalement j&rsquo;ai apport\u00e9 peu de corrections \u00e0 mon r\u00e9glage d&rsquo;origine. Par la suite, je suis rapidement pass\u00e9 au vol horizontal en augmentant de fa\u00e7on progressive l&rsquo;inclinaison des nacelles.<\/p>\n\n\n\n<figure class=\"wp-block-embed is-type-video is-provider-youtube wp-block-embed-youtube wp-embed-aspect-16-9 wp-has-aspect-ratio\"><div class=\"wp-block-embed__wrapper\">\n<div class=\"video-container\"><iframe loading=\"lazy\" title=\"2020-05-10 First flight Nemo 4s VTOL\" width=\"500\" height=\"281\" src=\"https:\/\/www.youtube.com\/embed\/zORjyT-1jz8?feature=oembed&#038;wmode=opaque\" frameborder=\"0\" allow=\"accelerometer; autoplay; clipboard-write; encrypted-media; gyroscope; picture-in-picture; web-share\" referrerpolicy=\"strict-origin-when-cross-origin\" allowfullscreen><\/iframe><\/div>\n<\/div><\/figure>\n\n\n\n<h4 class=\"wp-block-heading\">Les transitions<\/h4>\n\n\n\n<p>Quelques mots d&rsquo;explication s&rsquo;imposent avant d&rsquo;aborder une description des transitions de Nemo. La transition sortante est celle r\u00e9alis\u00e9e apr\u00e8s le d\u00e9collage, pour passer du vol stationnaire au vol horizontal. La transition entrante, quand \u00e0 elle, passe du vol horizontal au vol stationnaire.  <\/p>\n\n\n\n<figure class=\"wp-block-image size-large\"><img loading=\"lazy\" decoding=\"async\" width=\"1024\" height=\"366\" src=\"https:\/\/amjd.ch\/wp-content\/uploads\/2021\/03\/Transition3-1024x366.jpg\" alt=\"\" class=\"wp-image-2125\" srcset=\"https:\/\/amjd.ch\/wp-content\/uploads\/2021\/03\/Transition3-1024x366.jpg 1024w, https:\/\/amjd.ch\/wp-content\/uploads\/2021\/03\/Transition3-320x114.jpg 320w, https:\/\/amjd.ch\/wp-content\/uploads\/2021\/03\/Transition3-768x274.jpg 768w, https:\/\/amjd.ch\/wp-content\/uploads\/2021\/03\/Transition3-1536x548.jpg 1536w, https:\/\/amjd.ch\/wp-content\/uploads\/2021\/03\/Transition3.jpg 2048w\" sizes=\"auto, (max-width: 1024px) 100vw, 1024px\" \/><figcaption>Repr\u00e9sentation des 2 sortes de transitions<\/figcaption><\/figure>\n\n\n\n<p><strong>Transition sortante:<\/strong><br>Face au vent, le mod\u00e8le est stabilis\u00e9 \u00e0 environ 1,5m de hauteur, dans mon cas, le manche des gaz est l\u00e9g\u00e8rement au dessus de la position m\u00e9diane. Il faut donner une l\u00e9g\u00e8re action \u00e0 pousser pour engager le mouvement de transition. Lorsque le mod\u00e8le marque un mouvement d&rsquo;avance, je bascule l&rsquo;interrupteur du mode de vol en position interm\u00e9diaire. La position m\u00e9diane correspond \u00e0 20% du vol horizontal et 80% du vol stationnaire. Je retire alors mon action \u00e0 pousser sur l&rsquo;axe de tangage et je laisse le mod\u00e8le prendre sa vitesse. Je passe ensuite l&rsquo;interrupteur en mode vol horizontal et simultan\u00e9ment, je donne une l\u00e9g\u00e8re action \u00e0 cabrer pour maintenir la ligne de vol. Lorsque la transition est compl\u00e8te et que les nacelles sont \u00e0 l&rsquo;horizontale, je r\u00e9duis l\u00e9g\u00e8rement les gaz pour adapter ma vitesse de croisi\u00e8re. La transition peut \u00eatre tr\u00e8s rapide. Plus elle se fera rapidement, plus il faudra donner des gaz.<\/p>\n\n\n\n<p><strong>Transition entrante:<\/strong><br>La transition entrante se fera elle aussi face au vent. En r\u00e8gle g\u00e9n\u00e9ral j&rsquo;effectue une approche classique de mon circuit d&rsquo;atterrissage. Je me permets simplement de la faire plus courte par rapport  \u00e0 un avion classique. A une dizaine de m\u00e8tre de hauteur, je r\u00e9duis la vitesse de vol au minimum mais sans jamais couper les gaz. L&rsquo;assiette de vol \u00e9tant l\u00e9g\u00e8rement cabr\u00e9e, je passe en mode interm\u00e9diaire. A ce moment l\u00e0, il faut garder un certain niveau de gaz parce qu&rsquo;en approche stationnaire, c&rsquo;est le r\u00e9gime des moteurs qui permet de contr\u00f4ler le mod\u00e8le. Couper les gaz, signifierait une perte de contr\u00f4le. Le manche de profondeur l\u00e9g\u00e8rement cabr\u00e9 pour ralentir, je laisse Nemo descendre doucement. Il faut compter une trentaine de m\u00e8tre pour que Nemo perde sa vitesse de vol et que son aile ne porte plus. Lorsqu&rsquo;il se trouve \u00e0 environ 2m de haut, je bascule l&rsquo;interrupteur de mode en vol stationnaire. A ce moment l\u00e0, la descente s&rsquo;acc\u00e9l\u00e8re et par une mise de gaz franche je stabilise l&rsquo;altitude et d\u00e9bute la phase de vol stationnaire.<\/p>\n\n\n\n<p>Durant les premi\u00e8res semaines de vol, on pouvait entendre des vibrations dans les phases de transition. Un \u00e9quilibrage des h\u00e9lices au moyen de bandes adh\u00e9sives a permis de supprimer d\u00e9finitivement ces vibrations.<\/p>\n\n\n\n<figure class=\"wp-block-gallery columns-3 is-cropped wp-block-gallery-2 is-layout-flex wp-block-gallery-is-layout-flex\"><ul class=\"blocks-gallery-grid\"><li class=\"blocks-gallery-item\"><figure><a href=\"https:\/\/amjd.ch\/wp-content\/uploads\/2020\/11\/IMG_4924_2-1920.jpg\"><img loading=\"lazy\" decoding=\"async\" width=\"1024\" height=\"611\" src=\"https:\/\/amjd.ch\/wp-content\/uploads\/2020\/11\/IMG_4924_2-1920-1024x611.jpg\" alt=\"\" data-id=\"2089\" data-full-url=\"https:\/\/amjd.ch\/wp-content\/uploads\/2020\/11\/IMG_4924_2-1920.jpg\" data-link=\"https:\/\/amjd.ch\/img_4924_2-1920\/\" class=\"wp-image-2089\" srcset=\"https:\/\/amjd.ch\/wp-content\/uploads\/2020\/11\/IMG_4924_2-1920-1024x611.jpg 1024w, https:\/\/amjd.ch\/wp-content\/uploads\/2020\/11\/IMG_4924_2-1920-320x191.jpg 320w, https:\/\/amjd.ch\/wp-content\/uploads\/2020\/11\/IMG_4924_2-1920-768x458.jpg 768w, https:\/\/amjd.ch\/wp-content\/uploads\/2020\/11\/IMG_4924_2-1920-1536x917.jpg 1536w, https:\/\/amjd.ch\/wp-content\/uploads\/2020\/11\/IMG_4924_2-1920.jpg 1920w\" sizes=\"auto, (max-width: 1024px) 100vw, 1024px\" \/><\/a><\/figure><\/li><li class=\"blocks-gallery-item\"><figure><a href=\"https:\/\/amjd.ch\/wp-content\/uploads\/2020\/11\/IMG_4922_2-1920.jpg\"><img loading=\"lazy\" decoding=\"async\" width=\"1024\" height=\"650\" src=\"https:\/\/amjd.ch\/wp-content\/uploads\/2020\/11\/IMG_4922_2-1920-1024x650.jpg\" alt=\"\" data-id=\"2084\" data-full-url=\"https:\/\/amjd.ch\/wp-content\/uploads\/2020\/11\/IMG_4922_2-1920.jpg\" data-link=\"https:\/\/amjd.ch\/index.php\/2021\/03\/08\/convertible-nemo-4s-partie-iii\/img_4922_2-1920\/\" class=\"wp-image-2084\" srcset=\"https:\/\/amjd.ch\/wp-content\/uploads\/2020\/11\/IMG_4922_2-1920-1024x650.jpg 1024w, https:\/\/amjd.ch\/wp-content\/uploads\/2020\/11\/IMG_4922_2-1920-320x203.jpg 320w, https:\/\/amjd.ch\/wp-content\/uploads\/2020\/11\/IMG_4922_2-1920-768x488.jpg 768w, https:\/\/amjd.ch\/wp-content\/uploads\/2020\/11\/IMG_4922_2-1920-1536x975.jpg 1536w, https:\/\/amjd.ch\/wp-content\/uploads\/2020\/11\/IMG_4922_2-1920.jpg 1920w\" sizes=\"auto, (max-width: 1024px) 100vw, 1024px\" \/><\/a><\/figure><\/li><li class=\"blocks-gallery-item\"><figure><a href=\"https:\/\/amjd.ch\/wp-content\/uploads\/2020\/11\/IMG_4918_2-1920.jpg\"><img loading=\"lazy\" decoding=\"async\" width=\"1024\" height=\"582\" src=\"https:\/\/amjd.ch\/wp-content\/uploads\/2020\/11\/IMG_4918_2-1920-1024x582.jpg\" alt=\"\" data-id=\"2083\" data-full-url=\"https:\/\/amjd.ch\/wp-content\/uploads\/2020\/11\/IMG_4918_2-1920.jpg\" data-link=\"https:\/\/amjd.ch\/index.php\/2021\/03\/08\/convertible-nemo-4s-partie-iii\/img_4918_2-1920\/\" class=\"wp-image-2083\" srcset=\"https:\/\/amjd.ch\/wp-content\/uploads\/2020\/11\/IMG_4918_2-1920-1024x582.jpg 1024w, https:\/\/amjd.ch\/wp-content\/uploads\/2020\/11\/IMG_4918_2-1920-320x182.jpg 320w, https:\/\/amjd.ch\/wp-content\/uploads\/2020\/11\/IMG_4918_2-1920-768x436.jpg 768w, https:\/\/amjd.ch\/wp-content\/uploads\/2020\/11\/IMG_4918_2-1920-1536x873.jpg 1536w, https:\/\/amjd.ch\/wp-content\/uploads\/2020\/11\/IMG_4918_2-1920.jpg 1920w\" sizes=\"auto, (max-width: 1024px) 100vw, 1024px\" \/><\/a><\/figure><\/li><li class=\"blocks-gallery-item\"><figure><a href=\"https:\/\/amjd.ch\/wp-content\/uploads\/2020\/11\/IMG_4920_2-1920.jpg\"><img loading=\"lazy\" decoding=\"async\" width=\"1024\" height=\"642\" src=\"https:\/\/amjd.ch\/wp-content\/uploads\/2020\/11\/IMG_4920_2-1920-1024x642.jpg\" alt=\"\" data-id=\"2082\" data-full-url=\"https:\/\/amjd.ch\/wp-content\/uploads\/2020\/11\/IMG_4920_2-1920.jpg\" data-link=\"https:\/\/amjd.ch\/index.php\/2021\/03\/08\/convertible-nemo-4s-partie-iii\/img_4920_2-1920\/\" class=\"wp-image-2082\" srcset=\"https:\/\/amjd.ch\/wp-content\/uploads\/2020\/11\/IMG_4920_2-1920-1024x642.jpg 1024w, https:\/\/amjd.ch\/wp-content\/uploads\/2020\/11\/IMG_4920_2-1920-320x201.jpg 320w, https:\/\/amjd.ch\/wp-content\/uploads\/2020\/11\/IMG_4920_2-1920-768x482.jpg 768w, https:\/\/amjd.ch\/wp-content\/uploads\/2020\/11\/IMG_4920_2-1920-1536x963.jpg 1536w, https:\/\/amjd.ch\/wp-content\/uploads\/2020\/11\/IMG_4920_2-1920.jpg 1920w\" sizes=\"auto, (max-width: 1024px) 100vw, 1024px\" \/><\/a><\/figure><\/li><li class=\"blocks-gallery-item\"><figure><a href=\"https:\/\/amjd.ch\/wp-content\/uploads\/2020\/11\/IMG_4913_2-1920.jpg\"><img loading=\"lazy\" decoding=\"async\" width=\"1024\" height=\"605\" src=\"https:\/\/amjd.ch\/wp-content\/uploads\/2020\/11\/IMG_4913_2-1920-1024x605.jpg\" alt=\"\" data-id=\"2081\" data-full-url=\"https:\/\/amjd.ch\/wp-content\/uploads\/2020\/11\/IMG_4913_2-1920.jpg\" data-link=\"https:\/\/amjd.ch\/index.php\/2021\/03\/08\/convertible-nemo-4s-partie-iii\/img_4913_2-1920\/\" class=\"wp-image-2081\" srcset=\"https:\/\/amjd.ch\/wp-content\/uploads\/2020\/11\/IMG_4913_2-1920-1024x605.jpg 1024w, https:\/\/amjd.ch\/wp-content\/uploads\/2020\/11\/IMG_4913_2-1920-320x189.jpg 320w, https:\/\/amjd.ch\/wp-content\/uploads\/2020\/11\/IMG_4913_2-1920-768x454.jpg 768w, https:\/\/amjd.ch\/wp-content\/uploads\/2020\/11\/IMG_4913_2-1920-1536x908.jpg 1536w, https:\/\/amjd.ch\/wp-content\/uploads\/2020\/11\/IMG_4913_2-1920.jpg 1920w\" sizes=\"auto, (max-width: 1024px) 100vw, 1024px\" \/><\/a><\/figure><\/li><li class=\"blocks-gallery-item\"><figure><a href=\"https:\/\/amjd.ch\/wp-content\/uploads\/2020\/11\/IMG_4915_2-1920.jpg\"><img loading=\"lazy\" decoding=\"async\" width=\"1024\" height=\"547\" src=\"https:\/\/amjd.ch\/wp-content\/uploads\/2020\/11\/IMG_4915_2-1920-1024x547.jpg\" alt=\"\" data-id=\"2080\" data-full-url=\"https:\/\/amjd.ch\/wp-content\/uploads\/2020\/11\/IMG_4915_2-1920.jpg\" data-link=\"https:\/\/amjd.ch\/index.php\/2021\/03\/08\/convertible-nemo-4s-partie-iii\/img_4915_2-1920\/\" class=\"wp-image-2080\" srcset=\"https:\/\/amjd.ch\/wp-content\/uploads\/2020\/11\/IMG_4915_2-1920-1024x547.jpg 1024w, https:\/\/amjd.ch\/wp-content\/uploads\/2020\/11\/IMG_4915_2-1920-320x171.jpg 320w, https:\/\/amjd.ch\/wp-content\/uploads\/2020\/11\/IMG_4915_2-1920-768x410.jpg 768w, https:\/\/amjd.ch\/wp-content\/uploads\/2020\/11\/IMG_4915_2-1920-1536x821.jpg 1536w, https:\/\/amjd.ch\/wp-content\/uploads\/2020\/11\/IMG_4915_2-1920.jpg 1920w\" sizes=\"auto, (max-width: 1024px) 100vw, 1024px\" \/><\/a><\/figure><\/li><\/ul><\/figure>\n\n\n\n<figure class=\"wp-block-embed is-type-video is-provider-youtube wp-block-embed-youtube wp-embed-aspect-16-9 wp-has-aspect-ratio\"><div class=\"wp-block-embed__wrapper\">\n<div class=\"video-container\"><iframe loading=\"lazy\" title=\"Vol du 28 juin 2020 Convertible Nemo 4s\" width=\"500\" height=\"281\" src=\"https:\/\/www.youtube.com\/embed\/W1i0cJlLKm8?feature=oembed&#038;wmode=opaque\" frameborder=\"0\" allow=\"accelerometer; autoplay; clipboard-write; encrypted-media; gyroscope; picture-in-picture; web-share\" referrerpolicy=\"strict-origin-when-cross-origin\" allowfullscreen><\/iframe><\/div>\n<\/div><\/figure>\n\n\n\n<figure class=\"wp-block-embed is-type-video is-provider-youtube wp-block-embed-youtube wp-embed-aspect-16-9 wp-has-aspect-ratio\"><div class=\"wp-block-embed__wrapper\">\n<div class=\"video-container\"><iframe loading=\"lazy\" title=\"Nemo 4s\" width=\"500\" height=\"281\" src=\"https:\/\/www.youtube.com\/embed\/hdZDi7tWF1U?feature=oembed&#038;wmode=opaque\" frameborder=\"0\" allow=\"accelerometer; autoplay; clipboard-write; encrypted-media; gyroscope; picture-in-picture; web-share\" referrerpolicy=\"strict-origin-when-cross-origin\" allowfullscreen><\/iframe><\/div>\n<\/div><\/figure>\n\n\n\n<h4 class=\"wp-block-heading\">Les r\u00e8gles \u00e0 respecter pour voler Nemo<\/h4>\n\n\n\n<p>Finalement, une fois pass\u00e9 le cap de l&rsquo;apprentissage des transitions, je me rends compte que ce n&rsquo;est pas bien sorcier. Cependant j&rsquo;observe quelques r\u00e8gles d&rsquo;or pour garder le mod\u00e8le en vie&#8230;<br><br>1 ) La configuration birotor de Nemo implique de ne jamais exposer le mod\u00e8le stationnaire \u00e0 un vent arri\u00e8re ou un mouvement de recul. Si j&rsquo;oublie cette r\u00e8gle, Nemo fini au tapis.<br>2) Je garde une r\u00e9serve de hauteur dans les phases de transition. En cas d&rsquo;h\u00e9sitation du pilote ou d&rsquo;un mouvement d&rsquo;air inattendu, cette r\u00e9serve assure le coup.<br>3) En mode stationnaire, la stabilit\u00e9 sur l&rsquo;axe longitudinal est assur\u00e9e par la gravit\u00e9. Ce qui implique que la capacit\u00e9 de correction sur cet axe est limit\u00e9e. Je ne vole pas Nemo en cas de rafales et ne je fais pas de man\u0153uvres aux grands angles en phase stationnaire.<br>4) Toujours v\u00e9rifier les commandes de vol dans les deux configurations avant de d\u00e9coller.<br>5) Pour la mise sous tension du mod\u00e8le (carte KK2.1), je le pose sur un terrain plat et laisse le temps \u00e0 la carte de s&rsquo;initialiser. Je ne bouge pas le mod\u00e8le durant cette phase. Si par m\u00e9garde, le mod\u00e8le a boug\u00e9, je red\u00e9branche et je recommence la mise en route.<\/p>\n\n\n\n<h4 class=\"wp-block-heading\">Bilan et suite<\/h4>\n\n\n\n<p>Avec un peu de recul je me rends compte que j&rsquo;ai eu de la chance. La g\u00e9om\u00e9trie du Nemo le rend particuli\u00e8rement stable, il dispose d&rsquo;une bonne r\u00e9serve de puissance, et sa faible charge alaire pardonne les \u00e9ventuelles erreurs dans les phases de transition. Je trouve justement que les phases de transition sont tr\u00e8s douces en rapport avec certaines machines visibles sur la plupart des vid\u00e9os internet. <br>Je pense que si je n&rsquo;avais pas commenc\u00e9 l&rsquo;exp\u00e9rience VTOL avec Nemo, j&rsquo;aurais eu moins de r\u00e9ussite. Le fait de voler avec une certaine masse est un avantage qui a plut\u00f4t tendance \u00e0 am\u00e9liorer la qualit\u00e9 des transitions mais cela ne fait pas tout. Il faut aussi avoir de bons r\u00e9glages et un logiciel de stabilisation performant. AOV est sans aucun doute un facteur cl\u00e9 de mes bons r\u00e9sultats.<br>Avec des accus Lipo 4S de 2200mAh, je peux voler 7min en r\u00e9alisant 3 transitions c&rsquo;est un temps de vol plus qu&rsquo;honorable. Je pense s\u00e9rieusement \u00e0 am\u00e9liorer mon mod\u00e8le et ainsi r\u00e9aliser une nouvelle version en modifiant les points suivants :<br><br>1) Donner un acc\u00e8s \u00e0 la carte KK2.1 sans d\u00e9monter l&rsquo;aile et ainsi permettre des ajustements de param\u00e8tres sur le terrain .<br>2) Ajouter un moteur suppl\u00e9mentaire sur le stabilisateur pour am\u00e9liorer le contr\u00f4le longitudinal.<br>3) Equiper le mod\u00e8le d&rsquo;un train rentrant plut\u00f4t que des patins<br>4) Rapprocher les nacelles du saumon pour diminuer le moment d&rsquo;inertie sur l&rsquo;axe de roulis.<\/p>\n\n\n\n<p><\/p>\n","protected":false},"excerpt":{"rendered":"<p>Cet article est la troisi\u00e8me et derni\u00e8re partie de mon reportage sur mon mod\u00e8le convertible Nemo. Si vous voulez acc\u00e9der aux premiers volets, c&rsquo;est par ici :Nemo partie INemo partie II Caract\u00e9ristiques et \u00e9quipement&#46;&#46;&#46;<\/p>\n","protected":false},"author":2,"featured_media":2080,"comment_status":"open","ping_status":"open","sticky":false,"template":"","format":"standard","meta":{"footnotes":""},"categories":[6,10],"tags":[79,92,91,93,90,43,75],"class_list":["post-2068","post","type-post","status-publish","format-standard","has-post-thumbnail","hentry","category-reportages","category-reportages-modeles","tag-nemo","tag-radio","tag-reglage","tag-regulateur","tag-video","tag-vol","tag-vtol"],"_links":{"self":[{"href":"https:\/\/amjd.ch\/index.php\/wp-json\/wp\/v2\/posts\/2068","targetHints":{"allow":["GET"]}}],"collection":[{"href":"https:\/\/amjd.ch\/index.php\/wp-json\/wp\/v2\/posts"}],"about":[{"href":"https:\/\/amjd.ch\/index.php\/wp-json\/wp\/v2\/types\/post"}],"author":[{"embeddable":true,"href":"https:\/\/amjd.ch\/index.php\/wp-json\/wp\/v2\/users\/2"}],"replies":[{"embeddable":true,"href":"https:\/\/amjd.ch\/index.php\/wp-json\/wp\/v2\/comments?post=2068"}],"version-history":[{"count":39,"href":"https:\/\/amjd.ch\/index.php\/wp-json\/wp\/v2\/posts\/2068\/revisions"}],"predecessor-version":[{"id":2396,"href":"https:\/\/amjd.ch\/index.php\/wp-json\/wp\/v2\/posts\/2068\/revisions\/2396"}],"wp:featuredmedia":[{"embeddable":true,"href":"https:\/\/amjd.ch\/index.php\/wp-json\/wp\/v2\/media\/2080"}],"wp:attachment":[{"href":"https:\/\/amjd.ch\/index.php\/wp-json\/wp\/v2\/media?parent=2068"}],"wp:term":[{"taxonomy":"category","embeddable":true,"href":"https:\/\/amjd.ch\/index.php\/wp-json\/wp\/v2\/categories?post=2068"},{"taxonomy":"post_tag","embeddable":true,"href":"https:\/\/amjd.ch\/index.php\/wp-json\/wp\/v2\/tags?post=2068"}],"curies":[{"name":"wp","href":"https:\/\/api.w.org\/{rel}","templated":true}]}}