{"id":3906,"date":"2025-10-26T10:19:49","date_gmt":"2025-10-26T08:19:49","guid":{"rendered":"https:\/\/amjd.ch\/?p=3906"},"modified":"2025-11-16T10:50:12","modified_gmt":"2025-11-16T08:50:12","slug":"exposition-a-la-halle-du-chateau-22-et-23-novembre","status":"publish","type":"post","link":"https:\/\/amjd.ch\/index.php\/2025\/10\/26\/exposition-a-la-halle-du-chateau-22-et-23-novembre\/","title":{"rendered":"Exposition d&rsquo;a\u00e9romod\u00e9lisme \u00e0 la halle du ch\u00e2teau de Del\u00e9mont les 22 et 23 novembre 2025"},"content":{"rendered":"\n<p>L&rsquo;a\u00e9romod\u00e9lisme Jurassien de Del\u00e9mont s&rsquo;expose \u00e0 la halle du ch\u00e2teau. La manifestation s&rsquo;adresse \u00e0 tous les publics; experts, amateurs ou en famille, venez y d\u00e9couvrir la passion d&rsquo;un club&nbsp;r\u00e9gional avec de nombreux mod\u00e8les hors du commun et participez \u00e0 des activit\u00e9s interactives.&nbsp;<\/p>\n\n\n<div class=\"wp-block-image\">\n<figure class=\"aligncenter size-medium is-resized\"><a href=\"https:\/\/amjd.ch\/wp-content\/uploads\/2025\/10\/AMJD-affiche-expo-2025-INTERNET.png\"><img loading=\"lazy\" decoding=\"async\" width=\"226\" height=\"320\" src=\"https:\/\/amjd.ch\/wp-content\/uploads\/2025\/10\/AMJD-affiche-expo-2025-INTERNET-226x320.png\" alt=\"\" class=\"wp-image-3907\" style=\"width:200px\" srcset=\"https:\/\/amjd.ch\/wp-content\/uploads\/2025\/10\/AMJD-affiche-expo-2025-INTERNET-226x320.png 226w, https:\/\/amjd.ch\/wp-content\/uploads\/2025\/10\/AMJD-affiche-expo-2025-INTERNET-724x1024.png 724w, https:\/\/amjd.ch\/wp-content\/uploads\/2025\/10\/AMJD-affiche-expo-2025-INTERNET-768x1086.png 768w, https:\/\/amjd.ch\/wp-content\/uploads\/2025\/10\/AMJD-affiche-expo-2025-INTERNET-1086x1536.png 1086w, https:\/\/amjd.ch\/wp-content\/uploads\/2025\/10\/AMJD-affiche-expo-2025-INTERNET.png 1414w\" sizes=\"auto, (max-width: 226px) 100vw, 226px\" \/><\/a><\/figure>\n<\/div>\n\n\n<p><\/p>\n\n\n\n<p>Les 22 et 23 novembres prochains, le club d&rsquo;a\u00e9romod\u00e9lisme Jurassien de Del\u00e9mont, qui exploite le terrain de Fin de Val \u00e0 Vicques, pr\u00e9sente une grande exposition avec les machines volantes de ses membres. A l&rsquo;approche de la pause hivernale, le club&nbsp;se mobilise pour pr\u00e9senter \u00e0 un public de tout \u00e2ge, les beaut\u00e9s d&rsquo;une discipline \u00e0 la fois ludique, passionnante mais aussi exigeante. <br>Tous les styles de mod\u00e8les seront pr\u00e9sent\u00e9s : de l&rsquo;avion de la premi\u00e8re guerre aux jets modernes \u00e0 r\u00e9action&nbsp;en passant par les&nbsp;h\u00e9licopt\u00e8res et sans oublier les majestueux planeurs.&nbsp;&nbsp;&nbsp;<\/p>\n\n\n\n<p>Malgr\u00e9 le caract\u00e8re associatif et r\u00e9gional de l&rsquo;exposition, elle sera orn\u00e9e de pr\u00e9sentations uniques et exceptionnelles. Jugez plut\u00f4t.&nbsp;<br>On y trouvera la pr\u00e9sentation de plusieurs mod\u00e8les r\u00e9duits d&rsquo;h\u00e9licopt\u00e8res en taille \u00ab\u00a0XXL\u00a0\u00bb. Alain Koller pr\u00e9sentera sa maquette du&nbsp;SA315 Lama \u00e0 l&rsquo;\u00e9chelle 1:3. Les superlatifs nous manquent pour \u00e9voquer la beaut\u00e9 et le travail r\u00e9alis\u00e9 par son propri\u00e9taire pour le rendre aussi r\u00e9el que le vrai. Comme de nombreuses autres maquettes visibles \u00e0 l&rsquo;exposition, cet h\u00e9licopt\u00e8re est motoris\u00e9 par une v\u00e9ritable turbine \u00e0 r\u00e9action. Tout y est, le pilote dans son cockpit avec des cadrans reproduits, les lampes de signalisation et m\u00eame les rivets. C&rsquo;est une masterclass ! <br>Carryl&nbsp;Montini&nbsp;quant \u00e0 lui, expose un Super Cobra de 2,4m de diam\u00e8tre de rotor. L\u00e0 aussi, les d\u00e9tails sont saisissants et on remarquera que le mod\u00e8le est capable de projeter de v\u00e9ritables roquettes en vol. De plus, il dispose de fumig\u00e8nes fonctionnels activ\u00e9s \u00e0 distance par le pilote.&nbsp;<\/p>\n\n\n\n<figure class=\"wp-block-image size-large\"><img loading=\"lazy\" decoding=\"async\" width=\"1024\" height=\"449\" src=\"https:\/\/amjd.ch\/wp-content\/uploads\/2025\/10\/Lama-1024x449.jpg\" alt=\"\" class=\"wp-image-3929\" srcset=\"https:\/\/amjd.ch\/wp-content\/uploads\/2025\/10\/Lama-1024x449.jpg 1024w, https:\/\/amjd.ch\/wp-content\/uploads\/2025\/10\/Lama-320x140.jpg 320w, https:\/\/amjd.ch\/wp-content\/uploads\/2025\/10\/Lama-768x337.jpg 768w, https:\/\/amjd.ch\/wp-content\/uploads\/2025\/10\/Lama-1536x674.jpg 1536w, https:\/\/amjd.ch\/wp-content\/uploads\/2025\/10\/Lama.jpg 1940w\" sizes=\"auto, (max-width: 1024px) 100vw, 1024px\" \/><\/figure>\n\n\n\n<p>David Jolidon est un pilote chevronn\u00e9 du club. Il fait officiellement partie de l&rsquo;\u00e9quipe de suisse de voltige en salle. L&rsquo;hiver dernier, il a particip\u00e9 aux championnats du monde de la discipline. En exclusivit\u00e9, il nous pr\u00e9sentera ses mod\u00e8les de comp\u00e9tition pour la saison 2026.<br>Bien que relativement \u00e9pur\u00e9s, ses mod\u00e8les sont un v\u00e9ritable concentr\u00e9 de technologie, fruit d&rsquo;une longue \u00e9volution destin\u00e9e \u00e0 obtenir la performance et le poids minimal. Pour exemple, le mod\u00e8le pour le vol de pr\u00e9cision est fabriqu\u00e9 \u00e0 partir de pi\u00e8ces en carbone et recouvert de mylar, une feuille transparente tr\u00e8s l\u00e9g\u00e8re. Pr\u00eat \u00e0 voler, il ne p\u00e8se que 50gr pour plus d&rsquo;un m\u00e8tre d&rsquo;envergure.&nbsp;A l&rsquo;avant, deux&nbsp;grandes h\u00e9lices contre-rotatives sont motoris\u00e9es par un&nbsp;moteur microscopique. Cette cin\u00e9matique con\u00e7ue avec des composants de haute pr\u00e9cision, nous fait penser aux m\u00e9canismes de certains mouvements horlogers. Le&nbsp;vol de ce genre de mod\u00e8le semble irr\u00e9el tant les \u00e9volutions sont lentes et harmonieuses.&nbsp;<\/p>\n\n\n\n<figure class=\"wp-block-image size-large\"><img loading=\"lazy\" decoding=\"async\" width=\"1024\" height=\"555\" src=\"https:\/\/amjd.ch\/wp-content\/uploads\/2025\/11\/Coriolis-1-1024x555.jpg\" alt=\"\" class=\"wp-image-3933\" srcset=\"https:\/\/amjd.ch\/wp-content\/uploads\/2025\/11\/Coriolis-1-1024x555.jpg 1024w, https:\/\/amjd.ch\/wp-content\/uploads\/2025\/11\/Coriolis-1-320x173.jpg 320w, https:\/\/amjd.ch\/wp-content\/uploads\/2025\/11\/Coriolis-1-768x416.jpg 768w, https:\/\/amjd.ch\/wp-content\/uploads\/2025\/11\/Coriolis-1.jpg 1316w\" sizes=\"auto, (max-width: 1024px) 100vw, 1024px\" \/><\/figure>\n\n\n\n<p>David exposera \u00e9galement son second mod\u00e8le, d\u00e9di\u00e9 au ballet a\u00e9rien en musique qui est beaucoup plus d\u00e9monstratif. L&rsquo;h\u00e9lice, par l&rsquo;interm\u00e9diaire de son moteur puissant peut \u00eatre invers\u00e9e en vol et donne la possibilit\u00e9 d&rsquo;ex\u00e9cuter des figures de voltiges in\u00e9dites. L&rsquo;avion est ainsi capable de faire des marches arri\u00e8re et multiplie les prouesses d&rsquo;agilit\u00e9 visibles&nbsp;en concours. On notera aussi que ce mod\u00e8le acrobatique&nbsp;est \u00e9quip\u00e9 de bandes leds color\u00e9es et qu&rsquo;il peut tracter des banderoles ou l\u00e2cher des confettis. Tous ces dispositifs \u00e9tant valoris\u00e9s par des points lors des comp\u00e9titions.<br>Dans les incontournables, on citera le chasseur&nbsp;General Dynamics F-16&nbsp;Fighting&nbsp;Falcon de Jean-Fran\u00e7ois Kohler \u00e0 l&rsquo;\u00e9chelle 1:5.&nbsp;Avec ses 3 m\u00e8tres de long et ses 25kg, il exige toute l&rsquo;adresse et le talent de son pilote pour en maitriser le vol. La d\u00e9coration aux couleurs de l&rsquo;arm\u00e9e de l&rsquo;air belge et les d\u00e9tails maquettes m\u00e9ritent une attention marqu\u00e9e pour en mesurer la juste valeur.<\/p>\n\n\n\n<figure class=\"wp-block-image size-large\"><img loading=\"lazy\" decoding=\"async\" width=\"1024\" height=\"700\" src=\"https:\/\/amjd.ch\/wp-content\/uploads\/2025\/11\/F16-JFK-scaled-1024x700.jpg\" alt=\"\" class=\"wp-image-3926\" srcset=\"https:\/\/amjd.ch\/wp-content\/uploads\/2025\/11\/F16-JFK-scaled-1024x700.jpg 1024w, https:\/\/amjd.ch\/wp-content\/uploads\/2025\/11\/F16-JFK-scaled-320x219.jpg 320w, https:\/\/amjd.ch\/wp-content\/uploads\/2025\/11\/F16-JFK-scaled-768x525.jpg 768w, https:\/\/amjd.ch\/wp-content\/uploads\/2025\/11\/F16-JFK-scaled-1536x1050.jpg 1536w, https:\/\/amjd.ch\/wp-content\/uploads\/2025\/11\/F16-JFK-scaled-2048x1400.jpg 2048w\" sizes=\"auto, (max-width: 1024px) 100vw, 1024px\" \/><\/figure>\n\n\n\n<p>Avec l&rsquo;\u00e9volution de la num\u00e9risation et les nouvelles technologies, l&rsquo;a\u00e9romod\u00e9lisme est en pleine transformation. Au c\u0153ur de celle-ci, on y trouve les mod\u00e8les r\u00e9alis\u00e9s en impression 3D.\u00a0En effet, le d\u00e9veloppement des imprimantes 3D et des filaments permettent aujourd&rsquo;hui, d&rsquo;imprimer, d&rsquo;assembler puis de faire voler son mod\u00e8le r\u00e9duit issu d&rsquo;une imprimante 3D.\u00a0\u00a0<br>Dans ce cadre l\u00e0, il sera possible, entre autres, de d\u00e9couvrir les mod\u00e8les imprim\u00e9s suivants : une maquette du c\u00e9l\u00e8bre\u00a0Boeing B-17\u00a0Flying\u00a0Fortress\u00a0de 1,7m d&rsquo;envergure, un bicopt\u00e8re SAMSON SA-2 issu des films de sciences fiction Avatar ainsi qu&rsquo;un\u00a0Lockheed F-104\u00a0Starfighter.<\/p>\n\n\n\n<figure class=\"wp-block-image size-large\"><img loading=\"lazy\" decoding=\"async\" width=\"1024\" height=\"455\" src=\"https:\/\/amjd.ch\/wp-content\/uploads\/2025\/11\/Samson-1024x455.jpg\" alt=\"\" class=\"wp-image-3953\" srcset=\"https:\/\/amjd.ch\/wp-content\/uploads\/2025\/11\/Samson-1024x455.jpg 1024w, https:\/\/amjd.ch\/wp-content\/uploads\/2025\/11\/Samson-320x142.jpg 320w, https:\/\/amjd.ch\/wp-content\/uploads\/2025\/11\/Samson-768x341.jpg 768w, https:\/\/amjd.ch\/wp-content\/uploads\/2025\/11\/Samson-1536x682.jpg 1536w, https:\/\/amjd.ch\/wp-content\/uploads\/2025\/11\/Samson.jpg 1940w\" sizes=\"auto, (max-width: 1024px) 100vw, 1024px\" \/><\/figure>\n\n\n\n<p>Ainsi, avec plus d&rsquo;une soixantaine de mod\u00e8les expos\u00e9s, il y aura de quoi satisfaire&nbsp;la curiosit\u00e9 d&rsquo;un large public. Pour les plus jeunes, il sera possible de r\u00e9aliser l&rsquo;assemblage sur place d&rsquo;une petite maquette d&rsquo;avion. Des jeux d&rsquo;adresse et un simulateur seront mis \u00e0 disposition du public. Une t\u00e9l\u00e9vision projettera en permanence les d\u00e9monstrations de notre activit\u00e9 sur le terrain de Fin-de-Val et la cantine, avec petite restauration, sera ouverte durant toute la dur\u00e9e de la manifestation. Horaire de la manifestation : Samedi de 10h \u00e0 18h et dimanche de 9h \u00e0 17h. Entr\u00e9e 5CHF et acc\u00e8s libre aux moins de 16 ans.<\/p>\n","protected":false},"excerpt":{"rendered":"<p>L&rsquo;a\u00e9romod\u00e9lisme Jurassien de Del\u00e9mont s&rsquo;expose \u00e0 la halle du ch\u00e2teau. La manifestation s&rsquo;adresse \u00e0 tous les publics; experts, amateurs ou en famille, venez y d\u00e9couvrir la passion d&rsquo;un club&nbsp;r\u00e9gional avec de nombreux mod\u00e8les hors&#46;&#46;&#46;<\/p>\n","protected":false},"author":2,"featured_media":3915,"comment_status":"open","ping_status":"open","sticky":false,"template":"","format":"standard","meta":{"footnotes":""},"categories":[113,12,108],"tags":[119,118,116,82,121,115,114,120],"class_list":["post-3906","post","type-post","status-publish","format-standard","has-post-thumbnail","hentry","category-113","category-calendrier","category-display","tag-22-novembre-2025","tag-23-novembre-2025","tag-aeromodelisme","tag-amjd","tag-cantine","tag-delemont","tag-exposition","tag-halle-du-chateau"],"_links":{"self":[{"href":"https:\/\/amjd.ch\/index.php\/wp-json\/wp\/v2\/posts\/3906","targetHints":{"allow":["GET"]}}],"collection":[{"href":"https:\/\/amjd.ch\/index.php\/wp-json\/wp\/v2\/posts"}],"about":[{"href":"https:\/\/amjd.ch\/index.php\/wp-json\/wp\/v2\/types\/post"}],"author":[{"embeddable":true,"href":"https:\/\/amjd.ch\/index.php\/wp-json\/wp\/v2\/users\/2"}],"replies":[{"embeddable":true,"href":"https:\/\/amjd.ch\/index.php\/wp-json\/wp\/v2\/comments?post=3906"}],"version-history":[{"count":37,"href":"https:\/\/amjd.ch\/index.php\/wp-json\/wp\/v2\/posts\/3906\/revisions"}],"predecessor-version":[{"id":3968,"href":"https:\/\/amjd.ch\/index.php\/wp-json\/wp\/v2\/posts\/3906\/revisions\/3968"}],"wp:featuredmedia":[{"embeddable":true,"href":"https:\/\/amjd.ch\/index.php\/wp-json\/wp\/v2\/media\/3915"}],"wp:attachment":[{"href":"https:\/\/amjd.ch\/index.php\/wp-json\/wp\/v2\/media?parent=3906"}],"wp:term":[{"taxonomy":"category","embeddable":true,"href":"https:\/\/amjd.ch\/index.php\/wp-json\/wp\/v2\/categories?post=3906"},{"taxonomy":"post_tag","embeddable":true,"href":"https:\/\/amjd.ch\/index.php\/wp-json\/wp\/v2\/tags?post=3906"}],"curies":[{"name":"wp","href":"https:\/\/api.w.org\/{rel}","templated":true}]}}