{"id":527,"date":"2018-01-01T22:26:37","date_gmt":"2018-01-01T20:26:37","guid":{"rendered":"https:\/\/amjd.ch\/?p=527"},"modified":"2018-09-14T23:00:10","modified_gmt":"2018-09-14T21:00:10","slug":"vertigo","status":"publish","type":"post","link":"https:\/\/amjd.ch\/index.php\/2018\/01\/01\/vertigo\/","title":{"rendered":"Vertigo"},"content":{"rendered":"<div id=\"attachment_543\" style=\"width: 1034px\" class=\"wp-caption aligncenter\"><img loading=\"lazy\" decoding=\"async\" aria-describedby=\"caption-attachment-543\" class=\"wp-image-543 size-large\" src=\"https:\/\/amjd.ch\/wp-content\/uploads\/2018\/09\/DSC05436-1024x768.jpg\" alt=\"\" width=\"1024\" height=\"768\" srcset=\"https:\/\/amjd.ch\/wp-content\/uploads\/2018\/09\/DSC05436-1024x768.jpg 1024w, https:\/\/amjd.ch\/wp-content\/uploads\/2018\/09\/DSC05436-320x240.jpg 320w, https:\/\/amjd.ch\/wp-content\/uploads\/2018\/09\/DSC05436-768x576.jpg 768w, https:\/\/amjd.ch\/wp-content\/uploads\/2018\/09\/DSC05436.jpg 1920w\" sizes=\"auto, (max-width: 1024px) 100vw, 1024px\" \/><p id=\"caption-attachment-543\" class=\"wp-caption-text\">Vertigo<\/p><\/div>\n<p>Concepteur : Lionel Mougel<br \/>\nConstruction et tests : Steve Barthe<br \/>\nDessins CAO : Steve Gelin<br \/>\nEnvergure : 900mm<br \/>\nLongueur : 910mm<br \/>\nPoids : 310gr<br \/>\nSurface alaire : &#8211;<br \/>\nCharge alaire : &#8211;<br \/>\nMoteur : Axi 22 08 34<br \/>\nH\u00e9lice : APC Slowfly 9&#215;3.8<br \/>\nVariateur : TMM 1210-3<br \/>\nAccu de propulsion \/ r\u00e9ception : lipo 3s1p 1000mAh<\/p>\n<p><span style=\"text-decoration: underline;\">Installation radio<\/span><br \/>\nProfondeur : hitec HS50<br \/>\nAilerons : 2 x 2x GWS naro<br \/>\nDirection : hitec HS50<\/p>\n<p><span style=\"text-decoration: underline;\">Historique<\/span><br \/>\nLe mod\u00e8le pr\u00e9sent\u00e9 ici est issu d&rsquo;une collaboration entre plusieurs personnes. Il a \u00e9t\u00e9 cr\u00e9\u00e9 par de Lionel Mougel.\u00a0C&rsquo;est sous son coup de crayon qu&rsquo;est n\u00e9 le vertigo, un mod\u00e8le au look agr\u00e9able et aux gouvernes g\u00e9n\u00e9reuses.<\/p>\n<p>Steve Barthe, alors membre de l&rsquo;AMJD, apr\u00e8s quelques \u00e9change avec Lionel a choisi de se lancer\u00a0dans la r\u00e9alisation du mod\u00e8le avec pour seule base, le\u00a0tryptique du concepteur.<br \/>\n<span style=\"line-height: 1.5;\">Aid\u00e9 par Steve Gelin pour la r\u00e9alisation du plan et la fabrication de certaines pi\u00e8ces, le mod\u00e8le a pris forme au cours de l&rsquo;ann\u00e9e 2005 dans l&rsquo;atelier. Voici un petit reportage sur cet \u00e9l\u00e9gant mod\u00e8le ainsi que le plan de ce dernier. Attention, l&rsquo;utilisation du plan dans un cadre sortant de la sph\u00e8re priv\u00e9e est soumis \u00e0 l&rsquo;autorisation de son auteur.<\/span><\/p>\n<div id=\"attachment_541\" style=\"width: 330px\" class=\"wp-caption alignnone\"><a href=\"https:\/\/amjd.ch\/index.php\/2018\/09\/14\/vertigo\/vertidec\/\" rel=\"attachment wp-att-541\"><img loading=\"lazy\" decoding=\"async\" aria-describedby=\"caption-attachment-541\" class=\"size-medium wp-image-541\" src=\"https:\/\/amjd.ch\/wp-content\/uploads\/2018\/09\/vertidec-320x231.jpg\" alt=\"\" width=\"320\" height=\"231\" srcset=\"https:\/\/amjd.ch\/wp-content\/uploads\/2018\/09\/vertidec-320x231.jpg 320w, https:\/\/amjd.ch\/wp-content\/uploads\/2018\/09\/vertidec.jpg 685w\" sizes=\"auto, (max-width: 320px) 100vw, 320px\" \/><\/a><p id=\"caption-attachment-541\" class=\"wp-caption-text\">Le tryptique de Lionel Mougel<\/p><\/div>\n<div id=\"attachment_542\" style=\"width: 330px\" class=\"wp-caption alignnone\"><a href=\"https:\/\/amjd.ch\/wp-content\/uploads\/2018\/09\/vertigo.pdf\"><img loading=\"lazy\" decoding=\"async\" aria-describedby=\"caption-attachment-542\" class=\"wp-image-542 size-medium\" src=\"https:\/\/amjd.ch\/wp-content\/uploads\/2018\/09\/Plan-1920-320x225.jpg\" alt=\"\" width=\"320\" height=\"225\" srcset=\"https:\/\/amjd.ch\/wp-content\/uploads\/2018\/09\/Plan-1920-320x225.jpg 320w, https:\/\/amjd.ch\/wp-content\/uploads\/2018\/09\/Plan-1920-768x540.jpg 768w, https:\/\/amjd.ch\/wp-content\/uploads\/2018\/09\/Plan-1920-1024x719.jpg 1024w, https:\/\/amjd.ch\/wp-content\/uploads\/2018\/09\/Plan-1920.jpg 1920w\" sizes=\"auto, (max-width: 320px) 100vw, 320px\" \/><\/a><p id=\"caption-attachment-542\" class=\"wp-caption-text\">Vue du plan d&rsquo;ensemble<\/p><\/div>\n<p><span style=\"text-decoration: underline;\">Le fuselage<\/span><br \/>\nLe fuselage est compos\u00e9 principalement de deux flancs en D\u00e9pron de 3mm renforc\u00e9 sur toute sa longueur par\u00a0une \u00e2me de 6mm. Des coffrages cintr\u00e9s \u00e0 chaud sont coll\u00e9s sur sa partie sup\u00e9rieure. \u00a0La forme arrondie du capot moteur est obtenue par collage de plusieurs\u00a0couches successives de D\u00e9pron de 6mm \u00e0 mettre en forme par pon\u00e7age.<\/p>\n<p>La cabane est form\u00e9e dans un morceau de D\u00e9pron de 6mm. Elle est simplement fix\u00e9e au fuselage par collage. La verri\u00e8re a \u00e9t\u00e9 thermo-form\u00e9e sur un mod\u00e8le en balsa selon le principe du plateau vacuum.<\/p>\n<p>Le stabilisateur et la d\u00e9rive sont en D\u00e9pron de 3mm. Ils sont hauban\u00e9s pour leur assurer une bonne rigidit\u00e9<\/p>\n<p><span style=\"text-decoration: underline;\">Les ailes<\/span><\/p>\n<p>Les ailes sont form\u00e9es dans du D\u00e9pron de 3mm. Les charni\u00e8res sont faites avec du ruban adh\u00e9sif transparent. Compte tenu de la taille des ailerons, 2 servos sont pr\u00e9vus pour actionner les 4 ailerons.<\/p>\n<p><span style=\"text-decoration: underline;\">Le vol<\/span><br \/>\nLe mod\u00e8le n&rsquo;est pas adapt\u00e9 pour un d\u00e9butant. Le vertigo est un mod\u00e8le de voltige tr\u00e8s neutre sur tous les axes. Sa charge alaire lui conf\u00e8re de bonnes qualit\u00e9s de vol et lui permet des \u00e9carts de vitesse\u00a0\u00e9tonnants. Tous les axes r\u00e9pondent bien. Avec un grand d\u00e9battement \u00e0 la gouverne de profondeur et \u00e0 la d\u00e9vie,\u00a0le mod\u00e8le peut effectuer des figures telles que le looping tranche et des vrilles plates du plus bel effet.<br \/>\nIl est difficile de donner une bonne information sur le style de vol c&rsquo;est pourquoi je vous conseille de regarder les\u00a0vid\u00e9os se trouvant au bas de cet article.<\/p>\n\n\t\t<style>\n\t\t\t#gallery-1 {\n\t\t\t\tmargin: auto;\n\t\t\t}\n\t\t\t#gallery-1 .gallery-item {\n\t\t\t\tfloat: left;\n\t\t\t\tmargin-top: 10px;\n\t\t\t\ttext-align: center;\n\t\t\t\twidth: 33%;\n\t\t\t}\n\t\t\t#gallery-1 img {\n\t\t\t\tborder: 2px solid #cfcfcf;\n\t\t\t}\n\t\t\t#gallery-1 .gallery-caption {\n\t\t\t\tmargin-left: 0;\n\t\t\t}\n\t\t\t\/* see gallery_shortcode() in wp-includes\/media.php *\/\n\t\t<\/style>\n\t\t<div id='gallery-1' class='gallery galleryid-527 gallery-columns-3 gallery-size-large'><dl class='gallery-item'>\n\t\t\t<dt class='gallery-icon landscape'>\n\t\t\t\t<a href='https:\/\/amjd.ch\/wp-content\/uploads\/2018\/09\/DSC02918-1920.jpg'><img loading=\"lazy\" decoding=\"async\" width=\"1024\" height=\"768\" src=\"https:\/\/amjd.ch\/wp-content\/uploads\/2018\/09\/DSC02918-1920-1024x768.jpg\" class=\"attachment-large size-large\" alt=\"Commande de direction\" aria-describedby=\"gallery-1-530\" srcset=\"https:\/\/amjd.ch\/wp-content\/uploads\/2018\/09\/DSC02918-1920-1024x768.jpg 1024w, https:\/\/amjd.ch\/wp-content\/uploads\/2018\/09\/DSC02918-1920-320x240.jpg 320w, https:\/\/amjd.ch\/wp-content\/uploads\/2018\/09\/DSC02918-1920-768x576.jpg 768w, https:\/\/amjd.ch\/wp-content\/uploads\/2018\/09\/DSC02918-1920.jpg 1920w\" sizes=\"auto, (max-width: 1024px) 100vw, 1024px\" \/><\/a>\n\t\t\t<\/dt>\n\t\t\t\t<dd class='wp-caption-text gallery-caption' id='gallery-1-530'>\n\t\t\t\tCommande de direction\n\t\t\t\t<\/dd><\/dl><dl class='gallery-item'>\n\t\t\t<dt class='gallery-icon landscape'>\n\t\t\t\t<a href='https:\/\/amjd.ch\/wp-content\/uploads\/2018\/09\/DSC02922-1920.jpg'><img loading=\"lazy\" decoding=\"async\" width=\"1024\" height=\"768\" src=\"https:\/\/amjd.ch\/wp-content\/uploads\/2018\/09\/DSC02922-1920-1024x768.jpg\" class=\"attachment-large size-large\" alt=\"Vue sur le train d&#039;atterrissage et la commande des ailerons\" aria-describedby=\"gallery-1-531\" srcset=\"https:\/\/amjd.ch\/wp-content\/uploads\/2018\/09\/DSC02922-1920-1024x768.jpg 1024w, https:\/\/amjd.ch\/wp-content\/uploads\/2018\/09\/DSC02922-1920-320x240.jpg 320w, https:\/\/amjd.ch\/wp-content\/uploads\/2018\/09\/DSC02922-1920-768x576.jpg 768w, https:\/\/amjd.ch\/wp-content\/uploads\/2018\/09\/DSC02922-1920.jpg 1920w\" sizes=\"auto, (max-width: 1024px) 100vw, 1024px\" \/><\/a>\n\t\t\t<\/dt>\n\t\t\t\t<dd class='wp-caption-text gallery-caption' id='gallery-1-531'>\n\t\t\t\tVue sur le train d&rsquo;atterrissage et la commande des ailerons\n\t\t\t\t<\/dd><\/dl><dl class='gallery-item'>\n\t\t\t<dt class='gallery-icon landscape'>\n\t\t\t\t<a href='https:\/\/amjd.ch\/wp-content\/uploads\/2018\/09\/DSC06218-1920.jpg'><img loading=\"lazy\" decoding=\"async\" width=\"1024\" height=\"768\" src=\"https:\/\/amjd.ch\/wp-content\/uploads\/2018\/09\/DSC06218-1920-1024x768.jpg\" class=\"attachment-large size-large\" alt=\"Steve B. Pilote et constructeur du Vertigo\" aria-describedby=\"gallery-1-537\" srcset=\"https:\/\/amjd.ch\/wp-content\/uploads\/2018\/09\/DSC06218-1920-1024x768.jpg 1024w, https:\/\/amjd.ch\/wp-content\/uploads\/2018\/09\/DSC06218-1920-320x240.jpg 320w, https:\/\/amjd.ch\/wp-content\/uploads\/2018\/09\/DSC06218-1920-768x576.jpg 768w, https:\/\/amjd.ch\/wp-content\/uploads\/2018\/09\/DSC06218-1920.jpg 1920w\" sizes=\"auto, (max-width: 1024px) 100vw, 1024px\" \/><\/a>\n\t\t\t<\/dt>\n\t\t\t\t<dd class='wp-caption-text gallery-caption' id='gallery-1-537'>\n\t\t\t\tSteve B. Pilote et constructeur du Vertigo\n\t\t\t\t<\/dd><\/dl><br style=\"clear: both\" \/><dl class='gallery-item'>\n\t\t\t<dt class='gallery-icon landscape'>\n\t\t\t\t<a href='https:\/\/amjd.ch\/wp-content\/uploads\/2018\/09\/DSC06214-1920.jpg'><img loading=\"lazy\" decoding=\"async\" width=\"1024\" height=\"768\" src=\"https:\/\/amjd.ch\/wp-content\/uploads\/2018\/09\/DSC06214-1920-1024x768.jpg\" class=\"attachment-large size-large\" alt=\"Le mod\u00e8le est peut-\u00eatre en d\u00e9pron. Steve lui a appr\u00eat\u00e9 une superbe d\u00e9coration qui le met en valeur.\" aria-describedby=\"gallery-1-536\" srcset=\"https:\/\/amjd.ch\/wp-content\/uploads\/2018\/09\/DSC06214-1920-1024x768.jpg 1024w, https:\/\/amjd.ch\/wp-content\/uploads\/2018\/09\/DSC06214-1920-320x240.jpg 320w, https:\/\/amjd.ch\/wp-content\/uploads\/2018\/09\/DSC06214-1920-768x576.jpg 768w, https:\/\/amjd.ch\/wp-content\/uploads\/2018\/09\/DSC06214-1920.jpg 1920w\" sizes=\"auto, (max-width: 1024px) 100vw, 1024px\" \/><\/a>\n\t\t\t<\/dt>\n\t\t\t\t<dd class='wp-caption-text gallery-caption' id='gallery-1-536'>\n\t\t\t\tLe mod\u00e8le est peut-\u00eatre en d\u00e9pron. Steve lui a appr\u00eat\u00e9 une superbe d\u00e9coration qui le met en valeur. \n\t\t\t\t<\/dd><\/dl><dl class='gallery-item'>\n\t\t\t<dt class='gallery-icon landscape'>\n\t\t\t\t<a href='https:\/\/amjd.ch\/wp-content\/uploads\/2018\/09\/DSC05687-1920.jpg'><img loading=\"lazy\" decoding=\"async\" width=\"1024\" height=\"768\" src=\"https:\/\/amjd.ch\/wp-content\/uploads\/2018\/09\/DSC05687-1920-1024x768.jpg\" class=\"attachment-large size-large\" alt=\"Passage en harrier devant le pilote\" aria-describedby=\"gallery-1-535\" srcset=\"https:\/\/amjd.ch\/wp-content\/uploads\/2018\/09\/DSC05687-1920-1024x768.jpg 1024w, https:\/\/amjd.ch\/wp-content\/uploads\/2018\/09\/DSC05687-1920-320x240.jpg 320w, https:\/\/amjd.ch\/wp-content\/uploads\/2018\/09\/DSC05687-1920-768x576.jpg 768w, https:\/\/amjd.ch\/wp-content\/uploads\/2018\/09\/DSC05687-1920.jpg 1920w\" sizes=\"auto, (max-width: 1024px) 100vw, 1024px\" \/><\/a>\n\t\t\t<\/dt>\n\t\t\t\t<dd class='wp-caption-text gallery-caption' id='gallery-1-535'>\n\t\t\t\tPassage en harrier devant le pilote \n\t\t\t\t<\/dd><\/dl><dl class='gallery-item'>\n\t\t\t<dt class='gallery-icon landscape'>\n\t\t\t\t<a href='https:\/\/amjd.ch\/wp-content\/uploads\/2018\/09\/DSC05685-1920.jpg'><img loading=\"lazy\" decoding=\"async\" width=\"1024\" height=\"768\" src=\"https:\/\/amjd.ch\/wp-content\/uploads\/2018\/09\/DSC05685-1920-1024x768.jpg\" class=\"attachment-large size-large\" alt=\"Un look tr\u00e8s r\u00e9ussi\" aria-describedby=\"gallery-1-534\" srcset=\"https:\/\/amjd.ch\/wp-content\/uploads\/2018\/09\/DSC05685-1920-1024x768.jpg 1024w, https:\/\/amjd.ch\/wp-content\/uploads\/2018\/09\/DSC05685-1920-320x240.jpg 320w, https:\/\/amjd.ch\/wp-content\/uploads\/2018\/09\/DSC05685-1920-768x576.jpg 768w, https:\/\/amjd.ch\/wp-content\/uploads\/2018\/09\/DSC05685-1920.jpg 1920w\" sizes=\"auto, (max-width: 1024px) 100vw, 1024px\" \/><\/a>\n\t\t\t<\/dt>\n\t\t\t\t<dd class='wp-caption-text gallery-caption' id='gallery-1-534'>\n\t\t\t\tUn look tr\u00e8s r\u00e9ussi\n\t\t\t\t<\/dd><\/dl><br style=\"clear: both\" \/><dl class='gallery-item'>\n\t\t\t<dt class='gallery-icon landscape'>\n\t\t\t\t<a href='https:\/\/amjd.ch\/wp-content\/uploads\/2018\/09\/DSC05675-1920.jpg'><img loading=\"lazy\" decoding=\"async\" width=\"1024\" height=\"768\" src=\"https:\/\/amjd.ch\/wp-content\/uploads\/2018\/09\/DSC05675-1920-1024x768.jpg\" class=\"attachment-large size-large\" alt=\"Passage en vol tranche.\" aria-describedby=\"gallery-1-533\" srcset=\"https:\/\/amjd.ch\/wp-content\/uploads\/2018\/09\/DSC05675-1920-1024x768.jpg 1024w, https:\/\/amjd.ch\/wp-content\/uploads\/2018\/09\/DSC05675-1920-320x240.jpg 320w, https:\/\/amjd.ch\/wp-content\/uploads\/2018\/09\/DSC05675-1920-768x576.jpg 768w, https:\/\/amjd.ch\/wp-content\/uploads\/2018\/09\/DSC05675-1920.jpg 1920w\" sizes=\"auto, (max-width: 1024px) 100vw, 1024px\" \/><\/a>\n\t\t\t<\/dt>\n\t\t\t\t<dd class='wp-caption-text gallery-caption' id='gallery-1-533'>\n\t\t\t\tPassage en vol tranche.\n\t\t\t\t<\/dd><\/dl>\n\t\t\t<br style='clear: both' \/>\n\t\t<\/div>\n\n","protected":false},"excerpt":{"rendered":"<p>Concepteur : Lionel Mougel Construction et tests : Steve Barthe Dessins CAO : Steve Gelin Envergure : 900mm Longueur : 910mm Poids : 310gr Surface alaire : &#8211; Charge alaire : &#8211; Moteur :&#46;&#46;&#46;<\/p>\n","protected":false},"author":2,"featured_media":534,"comment_status":"open","ping_status":"open","sticky":false,"template":"","format":"standard","meta":{"footnotes":""},"categories":[6,10],"tags":[40,42,41,39],"class_list":["post-527","post","type-post","status-publish","format-standard","has-post-thumbnail","hentry","category-reportages","category-reportages-modeles","tag-biplan","tag-depron","tag-parkflyer","tag-vertigo"],"_links":{"self":[{"href":"https:\/\/amjd.ch\/index.php\/wp-json\/wp\/v2\/posts\/527","targetHints":{"allow":["GET"]}}],"collection":[{"href":"https:\/\/amjd.ch\/index.php\/wp-json\/wp\/v2\/posts"}],"about":[{"href":"https:\/\/amjd.ch\/index.php\/wp-json\/wp\/v2\/types\/post"}],"author":[{"embeddable":true,"href":"https:\/\/amjd.ch\/index.php\/wp-json\/wp\/v2\/users\/2"}],"replies":[{"embeddable":true,"href":"https:\/\/amjd.ch\/index.php\/wp-json\/wp\/v2\/comments?post=527"}],"version-history":[{"count":21,"href":"https:\/\/amjd.ch\/index.php\/wp-json\/wp\/v2\/posts\/527\/revisions"}],"predecessor-version":[{"id":688,"href":"https:\/\/amjd.ch\/index.php\/wp-json\/wp\/v2\/posts\/527\/revisions\/688"}],"wp:featuredmedia":[{"embeddable":true,"href":"https:\/\/amjd.ch\/index.php\/wp-json\/wp\/v2\/media\/534"}],"wp:attachment":[{"href":"https:\/\/amjd.ch\/index.php\/wp-json\/wp\/v2\/media?parent=527"}],"wp:term":[{"taxonomy":"category","embeddable":true,"href":"https:\/\/amjd.ch\/index.php\/wp-json\/wp\/v2\/categories?post=527"},{"taxonomy":"post_tag","embeddable":true,"href":"https:\/\/amjd.ch\/index.php\/wp-json\/wp\/v2\/tags?post=527"}],"curies":[{"name":"wp","href":"https:\/\/api.w.org\/{rel}","templated":true}]}}